{"id":23945,"date":"2026-01-28T14:47:56","date_gmt":"2026-01-28T11:47:56","guid":{"rendered":"https:\/\/www.turkkariyer.com\/?p=23945"},"modified":"2026-01-28T14:48:00","modified_gmt":"2026-01-28T11:48:00","slug":"yeniceri-sendromu-kurumlarin-sessiz-riski","status":"publish","type":"post","link":"https:\/\/www.turkkariyer.com\/wp\/yeniceri-sendromu-kurumlarin-sessiz-riski\/","title":{"rendered":"Yeni\u00e7eri Sendromu \u2013 Kurumlar\u0131n sessiz riski"},"content":{"rendered":"\n<p>Tarih g\u00fc\u00e7 sevicileri, g\u00fcce gelenleri de\u011fil; g\u00fcc\u00fc ta\u015f\u0131yanlar\u0131 ve ta\u015f\u0131yamayanlar\u0131 yazar.<\/p>\n\n\n\n<p>Bug\u00fcn g\u00fcc\u00fc ta\u015fanlar\u0131 yazaca\u011f\u0131z.<\/p>\n\n\n\n<p>Yeni\u00e7eri Sendromunu <strong>tan\u0131mlayacak olursak<\/strong>;<\/p>\n\n\n\n<p><em><strong>\u201cBir ki\u015finin ya da grubun, kurumu koruma gerek\u00e7esiyle a\u015f\u0131r\u0131 g\u00fc\u00e7 biriktirmesi ve bunun zamanla kurumun \u00f6n\u00fcne ge\u00e7mesi \u201cdiye ifade edebiliriz.<\/strong><\/em><\/p>\n\n\n\n<p><em><strong>Belirtileri;<\/strong><\/em><\/p>\n\n\n\n<p>* \u201cOnsuz olmaz alg\u0131s\u0131\u201d n\u0131n yarat\u0131lmas\u0131,<\/p>\n\n\n\n<p>* Krizlerin s\u00fcrekli ayn\u0131 ki\u015filerce \u00e7\u00f6z\u00fclmesi,<\/p>\n\n\n\n<p>* Bilginin bu ki\u015fi\/grup taraf\u0131ndan payla\u015f\u0131lmamas\u0131,<\/p>\n\n\n\n<p>* Bu konuda yap\u0131lan ele\u015ftirilerin \u201ctehdit\u201d olarak alg\u0131lanmas\u0131,<\/p>\n\n\n\n<p>* Bir ki\u015finin ya da grubun, kurumu koruma gerek\u00e7esiyle a\u015f\u0131r\u0131 g\u00fc\u00e7 biriktirmesi ve zamanla kurumun \u00f6n\u00fcne ge\u00e7mesi,<\/p>\n\n\n\n<p><em><strong>Tarihsel devimine bakt\u0131\u011f\u0131m\u0131zda ise;<\/strong><\/em><\/p>\n\n\n\n<p>Yeni\u00e7eri, Osmanl\u0131\u2019n\u0131n askeri birimi olmadan \u00f6nce bir kurumsal ruh halidir. Devletin acil refleksi, \u015fehrin kas haf\u0131zas\u0131d\u0131r. Sava\u015fta cepheye s\u00fcr\u00fcl\u00fcr, bar\u0131\u015fta yang\u0131na ko\u015far, kriz an\u0131nda herkesin g\u00f6zleri onlara d\u00f6nerdi. \u0130\u015fte tam da bu y\u00fczden tehlikeliydi. \u00c7\u00fcnk\u00fc tarih boyunca \u015funu g\u00f6r\u00fcr\u00fcz.<\/p>\n\n\n\n<p>Bir yap\u0131y\u0131 ayakta tutanlar, bir s\u00fcre sonra onun sahibi olduklar\u0131n\u0131 san\u0131rlar.<\/p>\n\n\n\n<p>Yeni\u00e7eri, devleti korumak i\u00e7in do\u011fmu\u015ftur.<\/p>\n\n\n\n<p>Devlet zay\u0131flad\u0131\u011f\u0131nda ise kendini devletin yerine koymaya ba\u015flar.<\/p>\n\n\n\n<p>Bu, ihanet de\u011fildir.<\/p>\n\n\n\n<p>Bu \u201c<strong>kontrols\u00fcz aidiyet<\/strong>\u201d in sonucudur.<\/p>\n\n\n\n<p>\u0130stanbul bu nedenle yeni\u00e7eriyi hem sevmi\u015f hem de ondan korkmu\u015ftur.<\/p>\n\n\n\n<p>\u00c7\u00fcnk\u00fc yeni\u00e7eri, bir \u015fehrin ihtiyac\u0131 kadar b\u00fcy\u00fcm\u00fc\u015f; ama bir \u015fehrin kald\u0131raca\u011f\u0131ndan daha fazla a\u011f\u0131rla\u015fm\u0131\u015ft\u0131r.<\/p>\n\n\n\n<p>* Ba\u015flang\u0131\u00e7ta: Devletin askeri<\/p>\n\n\n\n<p>* Sonras\u0131: Devletin orta\u011f\u0131<\/p>\n\n\n\n<p>* Son perde: Devletin rakibi<\/p>\n\n\n\n<p>\u00dcnl\u00fc Amerikal\u0131 Y\u00f6netim ve strateji uzman\u0131 Robert Greene\u2019nin \u201cG\u00fcc\u00fcn 48 yasas\u0131\u201d adl\u0131 kitab\u0131nda da ifade etti\u011fi Yeni\u00e7eriler 47. \u201c<strong>Zaferde a\u015f\u0131r\u0131ya ka\u00e7ma<\/strong>\u201d kural\u0131n\u0131 ihlal ederler.<\/p>\n\n\n\n<p>Zaferi y\u00f6netemez, g\u00fcc\u00fcn zirvesinde durmay\u0131 bilmezler.<\/p>\n\n\n\n<p>Osmanl\u0131\u2019n\u0131n yeni\u00e7eriyi yeteneksiz oldu\u011fu i\u00e7in de\u011fil, fazla merkezi g\u00fc\u00e7 haline geldi\u011fi i\u00e7in tasfiye etti\u011fini g\u00f6r\u00fcr\u00fcz.<\/p>\n\n\n\n<p>Haliyle g\u00fc\u00e7 s\u0131n\u0131r tan\u0131mazsa sonunda sahibini yer.<\/p>\n\n\n\n<p>* Yeni\u00e7eri = Kriz refleksi<\/p>\n\n\n\n<p>* Kriz uzad\u0131k\u00e7a = G\u00fc\u00e7 birikir<\/p>\n\n\n\n<p>* G\u00fc\u00e7 biriktik\u00e7e = Denge bozulur<\/p>\n\n\n\n<p>* Denge bozulunca = Tasfiye ka\u00e7\u0131n\u0131lmaz olur<\/p>\n\n\n\n<p>Tarih h\u00fckm\u00fc: Yeni\u00e7eri&nbsp;yanl\u0131\u015f&nbsp;de\u011fildi. Yeni\u00e7eri&nbsp;<strong>olmas\u0131 gerekenden<\/strong> fazlayd\u0131!<\/p>\n\n\n\n<p>Yeni\u00e7eri sendromu \u015fudur:<\/p>\n\n\n\n<p>* G\u00fcc\u00fc ilk g\u00fcn hizmet i\u00e7in al\u0131rs\u0131n<\/p>\n\n\n\n<p>* Sonra g\u00fc\u00e7 seni tan\u0131mlar<\/p>\n\n\n\n<p>* En sonunda g\u00fc\u00e7,&nbsp;seni devletten bile b\u00fcy\u00fck hissettirir<\/p>\n\n\n\n<p><em><strong>Bug\u00fcne d\u00f6necek olursak;<\/strong><\/em><\/p>\n\n\n\n<p>Yeni\u00e7eri asl\u0131nda \u00f6lmedi.&nbsp;\u015eekil de\u011fi\u015ftirdi.<\/p>\n\n\n\n<p>Bug\u00fcn\u00fcn yeni\u00e7erileri:<\/p>\n\n\n\n<p>* Kurumlar\u0131n \u201colmazsa olmaz\u201d adamlar\u0131,<\/p>\n\n\n\n<p>* Krizi \u00e7\u00f6zen ama krizi de do\u011furan y\u00f6neticiler,<\/p>\n\n\n\n<p>* Yang\u0131n s\u00f6nd\u00fcren ama sistemi yan\u0131c\u0131 h\u00e2le getiren profesyoneller<\/p>\n\n\n\n<p>Tulumba h\u00e2l\u00e2 omuzda, sadece ad\u0131 de\u011fi\u015fti: <strong>\u201cYetki\u201d, \u201cNetwork\u201d, \u201c\u0130tibar\u201d, \u201cVazge\u00e7ilmezlik\u201d<\/strong><\/p>\n\n\n\n<p><em><strong>Modern y\u00f6netimde kar\u015f\u0131l\u0131\u011f\u0131;<\/strong><\/em><\/p>\n\n\n\n<p>* A\u015f\u0131r\u0131 g\u00fc\u00e7lenmi\u015f \u00fcst d\u00fczey y\u00f6netici,<\/p>\n\n\n\n<p>* Kurum i\u00e7i dokunulmaz ekip,<\/p>\n\n\n\n<p>* Krizi y\u00f6neten ama bitmesini istemeyen bir yap\u0131,<\/p>\n\n\n\n<p>Bu kavram art\u0131k:<\/p>\n\n\n\n<p>* Kurum i\u00e7i liderlikte<\/p>\n\n\n\n<p>* Siyaset analizinde<\/p>\n\n\n\n<p>* Aile \u015firketlerinde<\/p>\n\n\n\n<p>* Devlet\u2013b\u00fcrokrasi ili\u015fkilerinde<\/p>\n\n\n\n<p>rahatl\u0131kla kullan\u0131lan&nbsp;bir \u00e7er\u00e7eve.<\/p>\n\n\n\n<p><em><strong>Y\u00f6netim i\u00e7in sorulmas\u0131 gereken ana soru \u015fudur;<\/strong><\/em><\/p>\n\n\n\n<p><strong>Bu ki\u015fi\/grup kurumu mu b\u00fcy\u00fct\u00fcyor, yoksa kurum mu bu ki\u015fiyi\/grubu b\u00fcy\u00fct\u00fcyor?<\/strong><\/p>\n\n\n\n<p>E\u011fer bu sorunun cevab\u0131n\u0131 bulamad\u0131ysan\u0131z, a\u015fa\u011f\u0131daki di\u011fer sorularla bulmacay\u0131 \u00e7\u00f6zme \u00e7al\u0131\u015fmalar\u0131na devam edin;<\/p>\n\n\n\n<p><strong>1. Bu ki\u015fi kriz mi \u00e7\u00f6z\u00fcyor, kriz mi \u00fcretiyor?<\/strong><\/p>\n\n\n\n<p><strong>2. Bilgi neden hep ayn\u0131 yerde toplan\u0131yor?<\/strong><\/p>\n\n\n\n<p><strong>3. Alternatif liderler neden b\u00fcy\u00fcyemiyor?<\/strong><\/p>\n\n\n\n<p><strong>4. Ele\u015ftiri neden tehdit gibi alg\u0131lan\u0131yor?<\/strong><\/p>\n\n\n\n<p><strong>5. Bu ki\u015fi giderse ger\u00e7ekten sistem \u00e7\u00f6ker mi?<\/strong><\/p>\n\n\n\n<p><strong>6. Yoksa sistem uzun s\u00fcredir bu ki\u015fiye mi \u00e7al\u0131\u015f\u0131yor?<\/strong><\/p>\n\n\n\n<p><strong>7. Tasfiye mi daha riskli, devam m\u0131?<\/strong><\/p>\n\n\n\n<p>Genelde \u00e7\u0131kar\u0131m;<\/p>\n\n\n\n<p><strong>\u201cBir kurumu en \u00e7ok yakanlar, onu en iyi kurtaranlard\u0131r.\u201d<\/strong><\/p>\n\n\n\n<p>Unutmamak gereken;<\/p>\n\n\n\n<p><strong>Bir kurumu ayakta tutanlar, denetlenmezse onu esir al\u0131r.<\/strong><\/p>\n\n\n\n<p>Ve tarih mesajlar\u0131 almad\u0131\u011f\u0131n\u0131z s\u00fcrece ayn\u0131 c\u00fcmleyi s\u00fcrekli tekrar eder durur:<\/p>\n\n\n\n<p>\u201cKontrols\u00fcz g\u00fc\u00e7, sadakati yer.\u201d<\/p>\n\n\n\n<p>Ve her \u00e7a\u011fda \u015fu soruyla biter:<\/p>\n\n\n\n<p><em><strong>\u201cG\u00fcc\u00fc m\u00fc ta\u015f\u0131yorsun\u2026<\/strong><\/em><br><em><strong>Yoksa g\u00fc\u00e7 m\u00fc seni?\u201d<\/strong><\/em><\/p>\n\n\n\n<p><\/p>\n","protected":false},"excerpt":{"rendered":"<p>Tarih g\u00fc\u00e7 sevicileri, g\u00fcce gelenleri de\u011fil; g\u00fcc\u00fc ta\u015f\u0131yanlar\u0131 ve ta\u015f\u0131yamayanlar\u0131 yazar. Bug\u00fcn g\u00fcc\u00fc ta\u015fanlar\u0131 yazaca\u011f\u0131z. Yeni\u00e7eri Sendromunu tan\u0131mlayacak olursak; \u201cBir ki\u015finin ya da grubun, kurumu koruma gerek\u00e7esiyle a\u015f\u0131r\u0131 g\u00fc\u00e7 biriktirmesi&hellip;<\/p>\n","protected":false},"author":1,"featured_media":0,"comment_status":"open","ping_status":"open","sticky":false,"template":"","format":"standard","meta":{"footnotes":""},"categories":[7],"tags":[201],"class_list":["post-23945","post","type-post","status-publish","format-standard","hentry","category-blog","tag-blog"],"_links":{"self":[{"href":"https:\/\/www.turkkariyer.com\/wp\/wp-json\/wp\/v2\/posts\/23945","targetHints":{"allow":["GET"]}}],"collection":[{"href":"https:\/\/www.turkkariyer.com\/wp\/wp-json\/wp\/v2\/posts"}],"about":[{"href":"https:\/\/www.turkkariyer.com\/wp\/wp-json\/wp\/v2\/types\/post"}],"author":[{"embeddable":true,"href":"https:\/\/www.turkkariyer.com\/wp\/wp-json\/wp\/v2\/users\/1"}],"replies":[{"embeddable":true,"href":"https:\/\/www.turkkariyer.com\/wp\/wp-json\/wp\/v2\/comments?post=23945"}],"version-history":[{"count":1,"href":"https:\/\/www.turkkariyer.com\/wp\/wp-json\/wp\/v2\/posts\/23945\/revisions"}],"predecessor-version":[{"id":23946,"href":"https:\/\/www.turkkariyer.com\/wp\/wp-json\/wp\/v2\/posts\/23945\/revisions\/23946"}],"wp:attachment":[{"href":"https:\/\/www.turkkariyer.com\/wp\/wp-json\/wp\/v2\/media?parent=23945"}],"wp:term":[{"taxonomy":"category","embeddable":true,"href":"https:\/\/www.turkkariyer.com\/wp\/wp-json\/wp\/v2\/categories?post=23945"},{"taxonomy":"post_tag","embeddable":true,"href":"https:\/\/www.turkkariyer.com\/wp\/wp-json\/wp\/v2\/tags?post=23945"}],"curies":[{"name":"wp","href":"https:\/\/api.w.org\/{rel}","templated":true}]}}